{"id":3102,"date":"2026-02-10T08:50:15","date_gmt":"2026-02-10T07:50:15","guid":{"rendered":"https:\/\/miroverd.com\/?p=3102"},"modified":"2026-03-12T10:50:40","modified_gmt":"2026-03-12T09:50:40","slug":"disenar-un-jardin-perfecto-empieza-por-el-cesped","status":"publish","type":"post","link":"https:\/\/miroverd.com\/ca\/disenar-un-jardin-perfecto-empieza-por-el-cesped\/","title":{"rendered":"Dise\u00f1ar un jard\u00edn perfecto empieza por el c\u00e9sped"},"content":{"rendered":"<h2 class=\"wp-block-heading\">Por qu\u00e9 el c\u00e9sped a medida se ha convertido en una de las opciones m\u00e1s demandadas<\/h2>\n\n\n\n<p>El jard\u00edn es uno de los espacios m\u00e1s valorados dentro de una vivienda. Representa un lugar de descanso, ocio y conexi\u00f3n con la naturaleza. Sin embargo, para que un jard\u00edn sea realmente funcional y atractivo, es necesario prestar atenci\u00f3n a cada uno de sus elementos, y uno de los m\u00e1s importantes es el c\u00e9sped. Dise\u00f1ar un jard\u00edn perfecto empieza, en gran medida, por elegir el tipo de c\u00e9sped adecuado para el espacio disponible y para el uso que se le quiere dar.<\/p>\n\n\n\n<p>En los \u00faltimos a\u00f1os, el concepto de c\u00e9sped a medida ha ganado una gran popularidad dentro del mundo del paisajismo y el dise\u00f1o exterior. Cada vez m\u00e1s personas buscan soluciones personalizadas que se adapten a sus necesidades espec\u00edficas, a las caracter\u00edsticas del terreno y al estilo de su vivienda. Por este motivo, opciones como el <strong><a href=\"https:\/\/miroverd.com\/ca\/cesped-a-medida-en-matadepera\/\">c\u00e9sped a medida en Matadepera<\/a><\/strong> se han convertido en una alternativa muy solicitada para quienes desean un jard\u00edn pr\u00e1ctico, est\u00e9tico y f\u00e1cil de mantener.<\/p>\n\n\n\n<figure class=\"wp-block-image aligncenter size-full\"><img fetchpriority=\"high\" decoding=\"async\" width=\"1200\" height=\"750\" src=\"https:\/\/miroverd.com\/wp-content\/uploads\/Cesped-artificial-a-medida-2.png\" alt=\"\" class=\"wp-image-3109\" srcset=\"https:\/\/miroverd.com\/wp-content\/uploads\/Cesped-artificial-a-medida-2.png 1200w, https:\/\/miroverd.com\/wp-content\/uploads\/Cesped-artificial-a-medida-2-600x375.png 600w, https:\/\/miroverd.com\/wp-content\/uploads\/Cesped-artificial-a-medida-2-768x480.png 768w, https:\/\/miroverd.com\/wp-content\/uploads\/Cesped-artificial-a-medida-2-18x12.png 18w\" sizes=\"(max-width: 1200px) 100vw, 1200px\" \/><\/figure>\n\n\n\n<h2 class=\"wp-block-heading\">La importancia del c\u00e9sped en el dise\u00f1o de jardines<\/h2>\n\n\n\n<p>El c\u00e9sped no solo cumple una funci\u00f3n est\u00e9tica dentro del jard\u00edn. Tambi\u00e9n influye en la comodidad del espacio, en su funcionalidad y en la forma en la que se utiliza. Un c\u00e9sped bien elegido puede transformar completamente un espacio exterior, aportando frescura, equilibrio visual y una superficie agradable para caminar, descansar o jugar.<\/p>\n\n\n\n<p>En muchos proyectos de jardiner\u00eda, el c\u00e9sped act\u00faa como el elemento central que conecta el resto de componentes del jard\u00edn, como caminos, zonas de descanso, \u00e1reas de piscina o terrazas. Por esta raz\u00f3n, elegir correctamente el tipo de c\u00e9sped es un paso fundamental dentro del proceso de dise\u00f1o.<\/p>\n\n\n\n<p>El auge del c\u00e9sped personalizado ha permitido que cada instalaci\u00f3n se adapte de forma espec\u00edfica a las condiciones del terreno. Esto explica por qu\u00e9 soluciones como el <strong><a href=\"https:\/\/miroverd.com\/ca\/cesped-a-medida-en-matadepera\/\">c\u00e9sped a medida en Matadepera<\/a><\/strong> han ganado protagonismo entre quienes buscan resultados m\u00e1s profesionales y duraderos.<\/p>\n\n\n\n<h3 class=\"wp-block-heading\">Qu\u00e9 significa realmente el c\u00e9sped a medida<\/h3>\n\n\n\n<p>Cuando se habla de c\u00e9sped a medida, se hace referencia a una soluci\u00f3n dise\u00f1ada espec\u00edficamente para un espacio concreto. No se trata simplemente de instalar una superficie est\u00e1ndar, sino de analizar previamente diferentes factores para lograr el mejor resultado posible.<\/p>\n\n\n\n<p>Entre los aspectos que suelen evaluarse se encuentran:<\/p>\n\n\n\n<ul class=\"wp-block-list\">\n<li>El tama\u00f1o y la forma del terreno<\/li>\n\n\n\n<li>El uso que se dar\u00e1 al jard\u00edn<\/li>\n\n\n\n<li>La presencia de mascotas o ni\u00f1os<\/li>\n\n\n\n<li>La exposici\u00f3n al sol o a la sombra<\/li>\n\n\n\n<li>Las caracter\u00edsticas del suelo<\/li>\n\n\n\n<li>El sistema de drenaje necesario<\/li>\n<\/ul>\n\n\n\n<figure class=\"wp-block-image aligncenter size-full\"><img decoding=\"async\" width=\"1200\" height=\"750\" src=\"https:\/\/miroverd.com\/wp-content\/uploads\/Cesped-artificial-a-medida-5.png\" alt=\"\" class=\"wp-image-3112\" srcset=\"https:\/\/miroverd.com\/wp-content\/uploads\/Cesped-artificial-a-medida-5.png 1200w, https:\/\/miroverd.com\/wp-content\/uploads\/Cesped-artificial-a-medida-5-600x375.png 600w, https:\/\/miroverd.com\/wp-content\/uploads\/Cesped-artificial-a-medida-5-768x480.png 768w, https:\/\/miroverd.com\/wp-content\/uploads\/Cesped-artificial-a-medida-5-18x12.png 18w\" sizes=\"(max-width: 1200px) 100vw, 1200px\" \/><\/figure>\n\n\n\n<p>Gracias a este an\u00e1lisis previo, el c\u00e9sped se puede adaptar perfectamente a las necesidades del espacio. Por este motivo, muchas personas optan por servicios especializados como el <strong>c\u00e9sped a medida en Matadepera<\/strong>, que ofrecen soluciones personalizadas para cada proyecto.<\/p>\n\n\n\n<h2 class=\"wp-block-heading\">Ventajas del c\u00e9sped a medida<\/h2>\n\n\n\n<p>La creciente popularidad del c\u00e9sped a medida se debe a las numerosas ventajas que ofrece frente a las soluciones tradicionales.<\/p>\n\n\n\n<p><strong>Adaptaci\u00f3n total al espacio<\/strong>: Una de las principales ventajas del c\u00e9sped personalizado es que se adapta completamente al entorno. Cada jard\u00edn es diferente y presenta caracter\u00edsticas \u00fanicas, por lo que un dise\u00f1o est\u00e1ndar no siempre ofrece los mejores resultados. El <strong>c\u00e9sped a medida <\/strong>permite aprovechar cada rinc\u00f3n del jard\u00edn y crear una superficie que encaje perfectamente con el dise\u00f1o general del espacio.<\/p>\n\n\n\n<p><strong>Est\u00e9tica cuidada durante todo el a\u00f1o<\/strong>: Uno de los objetivos principales de cualquier jard\u00edn es mantener una apariencia atractiva durante todo el a\u00f1o. En el caso del c\u00e9sped artificial personalizado, la superficie mantiene su color y textura independientemente de la estaci\u00f3n. Esto permite disfrutar de un jard\u00edn siempre verde y cuidado, sin los problemas habituales del c\u00e9sped natural.<\/p>\n\n\n\n<p><strong>Reducci\u00f3n del mantenimiento<\/strong>: El mantenimiento del c\u00e9sped natural puede resultar costoso y laborioso. Cortarlo con frecuencia, regarlo regularmente y aplicar tratamientos para evitar plagas o enfermedades son tareas que requieren tiempo y recursos. El <strong>c\u00e9sped artificial <\/strong>reduce considerablemente estas necesidades. Por esta raz\u00f3n, muchas personas optan por soluciones como el <strong><a href=\"https:\/\/miroverd.com\/ca\/cesped-a-medida-en-matadepera\/\">c\u00e9sped a medida en Matadepera<\/a><\/strong>, que permiten disfrutar de un jard\u00edn bonito con un mantenimiento m\u00ednimo.<\/p>\n\n\n\n<p><strong>Ahorro de agua<\/strong>:  El consumo de agua es una preocupaci\u00f3n creciente en muchas regiones. El uso de c\u00e9sped artificial contribuye a reducir significativamente el gasto de agua en comparaci\u00f3n con el c\u00e9sped natural.<\/p>\n\n\n\n<p>Esta caracter\u00edstica lo convierte en una opci\u00f3n m\u00e1s sostenible, especialmente en zonas donde las restricciones de agua son cada vez m\u00e1s frecuentes.<\/p>\n\n\n\n<h3 class=\"wp-block-heading\">Aplicaciones del c\u00e9sped a medida<\/h3>\n\n\n\n<p>El c\u00e9sped personalizado puede instalarse en una gran variedad de espacios, tanto en entornos residenciales como en proyectos comerciales.<\/p>\n\n\n\n<p><strong>Jardines privados<\/strong>: En viviendas unifamiliares, el c\u00e9sped a medida permite crear espacios de descanso, zonas de juego o \u00e1reas alrededor de piscinas. La personalizaci\u00f3n del dise\u00f1o facilita su integraci\u00f3n con otros elementos del jard\u00edn, como caminos, p\u00e9rgolas o zonas de sombra.<\/p>\n\n\n\n<p><strong>Terrazas y \u00e1ticos<\/strong>: En entornos urbanos, el c\u00e9sped artificial es una soluci\u00f3n ideal para aportar un toque natural a terrazas y \u00e1ticos. Su instalaci\u00f3n permite transformar espacios duros y poco acogedores en zonas verdes agradables y confortables.<\/p>\n\n\n\n<p><strong>Espacios comerciales<\/strong>: Muchos negocios utilizan c\u00e9sped artificial para mejorar la est\u00e9tica de sus instalaciones. Restaurantes, hoteles y espacios de ocio recurren cada vez m\u00e1s a este tipo de soluciones para crear ambientes atractivos para sus clientes.<\/p>\n\n\n\n<p>En este tipo de proyectos, contar con profesionales especializados en <strong>c\u00e9sped a medida en Matadepera<\/strong> permite garantizar un resultado adaptado a la imagen del negocio.<\/p>\n\n\n\n<p><strong>Zonas de ocio y recreo<\/strong>: El <strong>c\u00e9sped artificial <\/strong>tambi\u00e9n es muy utilizado en \u00e1reas de juegos infantiles, patios escolares o espacios recreativos. Su resistencia y su capacidad de amortiguaci\u00f3n lo convierten en una superficie segura y duradera.<\/p>\n\n\n\n<h2 class=\"wp-block-heading\">Factores clave para una instalaci\u00f3n de calidad<\/h2>\n\n\n\n<p>Para que un proyecto de c\u00e9sped a medida tenga \u00e9xito, es fundamental prestar atenci\u00f3n a cada etapa del proceso de instalaci\u00f3n.<\/p>\n\n\n\n<p><strong>Preparaci\u00f3n del terreno<\/strong>: Antes de colocar el c\u00e9sped, es necesario preparar correctamente el terreno. Esto suele implicar nivelar la superficie, compactar una base de grava y colocar una malla geotextil que evite el crecimiento de malas hierbas.<\/p>\n\n\n\n<p><strong>Sistema de drenaje<\/strong>: Un buen sistema de drenaje permite que el agua fluya correctamente y evita la aparici\u00f3n de charcos o acumulaciones de humedad.<\/p>\n\n\n\n<p><strong>Elecci\u00f3n del material adecuado<\/strong>: Existen diferentes tipos de <strong>c\u00e9sped artificial <\/strong>con caracter\u00edsticas variadas en cuanto a densidad, altura de fibra o resistencia. Elegir el material adecuado es fundamental para garantizar comodidad, durabilidad y un aspecto natural.<\/p>\n\n\n\n<p>Por este motivo, muchas personas prefieren confiar en especialistas en <strong><a href=\"https:\/\/miroverd.com\/ca\/cesped-a-medida-en-matadepera\/\">c\u00e9sped a medida en Matadepera<\/a><\/strong>, que pueden asesorar sobre la mejor opci\u00f3n para cada proyecto.<\/p>\n\n\n\n<figure class=\"wp-block-image aligncenter size-full\"><img decoding=\"async\" width=\"1200\" height=\"750\" src=\"https:\/\/miroverd.com\/wp-content\/uploads\/Cesped-artificial-a-medida-4.png\" alt=\"\" class=\"wp-image-3111\" srcset=\"https:\/\/miroverd.com\/wp-content\/uploads\/Cesped-artificial-a-medida-4.png 1200w, https:\/\/miroverd.com\/wp-content\/uploads\/Cesped-artificial-a-medida-4-600x375.png 600w, https:\/\/miroverd.com\/wp-content\/uploads\/Cesped-artificial-a-medida-4-768x480.png 768w, https:\/\/miroverd.com\/wp-content\/uploads\/Cesped-artificial-a-medida-4-18x12.png 18w\" sizes=\"(max-width: 1200px) 100vw, 1200px\" \/><\/figure>\n\n\n\n<h2 class=\"wp-block-heading\">Tendencias actuales en paisajismo<\/h2>\n\n\n\n<p>El dise\u00f1o de jardines ha evolucionado hacia propuestas m\u00e1s funcionales y sostenibles. En este contexto, el c\u00e9sped artificial personalizado se combina con otros materiales y elementos decorativos para crear espacios exteriores modernos.<\/p>\n\n\n\n<p>Entre las tendencias actuales destacan:<\/p>\n\n\n\n<ul class=\"wp-block-list\">\n<li>La combinaci\u00f3n de c\u00e9sped artificial con grava o piedra decorativa<\/li>\n\n\n\n<li>La integraci\u00f3n con tarimas de madera o materiales sint\u00e9ticos<\/li>\n\n\n\n<li>Los dise\u00f1os geom\u00e9tricos que dividen el jard\u00edn en diferentes zonas<\/li>\n\n\n\n<li>La creaci\u00f3n de espacios multifuncionales para descanso y ocio<\/li>\n<\/ul>\n\n\n\n<p>Estas tendencias demuestran que el c\u00e9sped ya no es solo una superficie verde, sino un elemento clave dentro del dise\u00f1o global del jard\u00edn. y la implicaci\u00f3n del equipo desde el primer contacto.<\/p>\n\n\n\n<h3 class=\"wp-block-heading\">La clave para disfrutar de un jard\u00edn funcional y duradero<\/h3>\n\n\n\n<p>Dise\u00f1ar un jard\u00edn perfecto requiere tener en cuenta m\u00faltiples factores, pero el c\u00e9sped sigue siendo uno de los elementos m\u00e1s importantes para lograr un espacio equilibrado, funcional y atractivo.<\/p>\n\n\n\n<p>El auge del c\u00e9sped personalizado ha permitido crear soluciones adaptadas a cada tipo de jard\u00edn y a las necesidades espec\u00edficas de cada usuario. Gracias a su versatilidad, su bajo mantenimiento y su est\u00e9tica constante, el c\u00e9sped a medida se ha convertido en una de las opciones m\u00e1s demandadas dentro del paisajismo moderno.<\/p>\n\n\n\n<p>Optar por servicios especializados como el <strong>c\u00e9sped a medida en Matadepera<\/strong> permite garantizar una instalaci\u00f3n profesional y un resultado duradero, capaz de transformar cualquier espacio exterior en un lugar c\u00f3modo, atractivo y f\u00e1cil de mantener durante todo el a\u00f1o.<\/p>","protected":false},"excerpt":{"rendered":"<p>Por qu\u00e9 el c\u00e9sped a medida se ha convertido en una de las opciones m\u00e1s demandadas El jard\u00edn es uno de los espacios m\u00e1s valorados dentro de una vivienda. Representa un lugar de descanso, ocio y conexi\u00f3n con la naturaleza. Sin embargo, para que un jard\u00edn sea realmente funcional y atractivo, es necesario prestar atenci\u00f3n [&hellip;]<\/p>","protected":false},"author":2,"featured_media":3113,"comment_status":"open","ping_status":"open","sticky":false,"template":"","format":"standard","meta":{"footnotes":""},"categories":[77],"tags":[109],"class_list":["post-3102","post","type-post","status-publish","format-standard","has-post-thumbnail","hentry","category-cesped-artificial-a-medida","tag-cesped-a-medida-en-matadepera"],"yoast_head":"<!-- This site is optimized with the Yoast SEO plugin v26.7 - https:\/\/yoast.com\/wordpress\/plugins\/seo\/ -->\n<title>Dise\u00f1ar un jard\u00edn perfecto | C\u00e9sped a medida en Matadepera<\/title>\n<meta name=\"description\" content=\"Descubre por qu\u00e9 el c\u00e9sped a medida se ha convertido en una de las soluciones m\u00e1s demandadas para jardines modernos y f\u00e1ciles de mantener.\" \/>\n<meta name=\"robots\" content=\"index, follow, max-snippet:-1, max-image-preview:large, max-video-preview:-1\" \/>\n<link rel=\"canonical\" href=\"https:\/\/miroverd.com\/ca\/disenar-un-jardin-perfecto-empieza-por-el-cesped\/\" \/>\n<meta property=\"og:locale\" content=\"ca_ES\" \/>\n<meta property=\"og:type\" content=\"article\" \/>\n<meta property=\"og:title\" content=\"Dise\u00f1ar un jard\u00edn perfecto | C\u00e9sped a medida en Matadepera\" \/>\n<meta property=\"og:description\" content=\"Descubre por qu\u00e9 el c\u00e9sped a medida se ha convertido en una de las soluciones m\u00e1s demandadas para jardines modernos y f\u00e1ciles de mantener.\" \/>\n<meta property=\"og:url\" content=\"https:\/\/miroverd.com\/ca\/disenar-un-jardin-perfecto-empieza-por-el-cesped\/\" \/>\n<meta property=\"og:site_name\" content=\"MiroVerd\" \/>\n<meta property=\"article:published_time\" content=\"2026-02-10T07:50:15+00:00\" \/>\n<meta property=\"article:modified_time\" content=\"2026-03-12T09:50:40+00:00\" \/>\n<meta property=\"og:image\" content=\"https:\/\/miroverd.com\/wp-content\/uploads\/Cesped-artificial-a-medida.png\" \/>\n\t<meta property=\"og:image:width\" content=\"1200\" \/>\n\t<meta property=\"og:image:height\" content=\"750\" \/>\n\t<meta property=\"og:image:type\" content=\"image\/png\" \/>\n<meta name=\"author\" content=\"Online Valles\" \/>\n<meta name=\"twitter:card\" content=\"summary_large_image\" \/>\n<meta name=\"twitter:label1\" content=\"Escrit per\" \/>\n\t<meta name=\"twitter:data1\" content=\"Online Valles\" \/>\n\t<meta name=\"twitter:label2\" content=\"Temps estimat de lectura\" \/>\n\t<meta name=\"twitter:data2\" content=\"7 minuts\" \/>\n<script type=\"application\/ld+json\" class=\"yoast-schema-graph\">{\"@context\":\"https:\/\/schema.org\",\"@graph\":[{\"@type\":\"Article\",\"@id\":\"https:\/\/miroverd.com\/disenar-un-jardin-perfecto-empieza-por-el-cesped\/#article\",\"isPartOf\":{\"@id\":\"https:\/\/miroverd.com\/disenar-un-jardin-perfecto-empieza-por-el-cesped\/\"},\"author\":{\"name\":\"Online Valles\",\"@id\":\"https:\/\/miroverd.com\/#\/schema\/person\/f72faf75c3b3de6cca45bab6108e921c\"},\"headline\":\"Dise\u00f1ar un jard\u00edn perfecto empieza por el c\u00e9sped\",\"datePublished\":\"2026-02-10T07:50:15+00:00\",\"dateModified\":\"2026-03-12T09:50:40+00:00\",\"mainEntityOfPage\":{\"@id\":\"https:\/\/miroverd.com\/disenar-un-jardin-perfecto-empieza-por-el-cesped\/\"},\"wordCount\":1483,\"commentCount\":0,\"publisher\":{\"@id\":\"https:\/\/miroverd.com\/#organization\"},\"image\":{\"@id\":\"https:\/\/miroverd.com\/disenar-un-jardin-perfecto-empieza-por-el-cesped\/#primaryimage\"},\"thumbnailUrl\":\"https:\/\/miroverd.com\/wp-content\/uploads\/Cesped-artificial-a-medida.png\",\"keywords\":[\"c\u00e9sped a medida en Matadepera\"],\"articleSection\":[\"c\u00e9sped artificial a medida\"],\"inLanguage\":\"ca\",\"potentialAction\":[{\"@type\":\"CommentAction\",\"name\":\"Comment\",\"target\":[\"https:\/\/miroverd.com\/disenar-un-jardin-perfecto-empieza-por-el-cesped\/#respond\"]}]},{\"@type\":\"WebPage\",\"@id\":\"https:\/\/miroverd.com\/disenar-un-jardin-perfecto-empieza-por-el-cesped\/\",\"url\":\"https:\/\/miroverd.com\/disenar-un-jardin-perfecto-empieza-por-el-cesped\/\",\"name\":\"Dise\u00f1ar un jard\u00edn perfecto | C\u00e9sped a medida en Matadepera\",\"isPartOf\":{\"@id\":\"https:\/\/miroverd.com\/#website\"},\"primaryImageOfPage\":{\"@id\":\"https:\/\/miroverd.com\/disenar-un-jardin-perfecto-empieza-por-el-cesped\/#primaryimage\"},\"image\":{\"@id\":\"https:\/\/miroverd.com\/disenar-un-jardin-perfecto-empieza-por-el-cesped\/#primaryimage\"},\"thumbnailUrl\":\"https:\/\/miroverd.com\/wp-content\/uploads\/Cesped-artificial-a-medida.png\",\"datePublished\":\"2026-02-10T07:50:15+00:00\",\"dateModified\":\"2026-03-12T09:50:40+00:00\",\"description\":\"Descubre por qu\u00e9 el c\u00e9sped a medida se ha convertido en una de las soluciones m\u00e1s demandadas para jardines modernos y f\u00e1ciles de mantener.\",\"breadcrumb\":{\"@id\":\"https:\/\/miroverd.com\/disenar-un-jardin-perfecto-empieza-por-el-cesped\/#breadcrumb\"},\"inLanguage\":\"ca\",\"potentialAction\":[{\"@type\":\"ReadAction\",\"target\":[\"https:\/\/miroverd.com\/disenar-un-jardin-perfecto-empieza-por-el-cesped\/\"]}]},{\"@type\":\"ImageObject\",\"inLanguage\":\"ca\",\"@id\":\"https:\/\/miroverd.com\/disenar-un-jardin-perfecto-empieza-por-el-cesped\/#primaryimage\",\"url\":\"https:\/\/miroverd.com\/wp-content\/uploads\/Cesped-artificial-a-medida.png\",\"contentUrl\":\"https:\/\/miroverd.com\/wp-content\/uploads\/Cesped-artificial-a-medida.png\",\"width\":1200,\"height\":750},{\"@type\":\"BreadcrumbList\",\"@id\":\"https:\/\/miroverd.com\/disenar-un-jardin-perfecto-empieza-por-el-cesped\/#breadcrumb\",\"itemListElement\":[{\"@type\":\"ListItem\",\"position\":1,\"name\":\"Portada\",\"item\":\"https:\/\/miroverd.com\/\"},{\"@type\":\"ListItem\",\"position\":2,\"name\":\"Dise\u00f1ar un jard\u00edn perfecto empieza por el c\u00e9sped\"}]},{\"@type\":\"WebSite\",\"@id\":\"https:\/\/miroverd.com\/#website\",\"url\":\"https:\/\/miroverd.com\/\",\"name\":\"MiroVerd\",\"description\":\"\",\"publisher\":{\"@id\":\"https:\/\/miroverd.com\/#organization\"},\"potentialAction\":[{\"@type\":\"SearchAction\",\"target\":{\"@type\":\"EntryPoint\",\"urlTemplate\":\"https:\/\/miroverd.com\/?s={search_term_string}\"},\"query-input\":{\"@type\":\"PropertyValueSpecification\",\"valueRequired\":true,\"valueName\":\"search_term_string\"}}],\"inLanguage\":\"ca\"},{\"@type\":\"Organization\",\"@id\":\"https:\/\/miroverd.com\/#organization\",\"name\":\"MiroVerd\",\"url\":\"https:\/\/miroverd.com\/\",\"logo\":{\"@type\":\"ImageObject\",\"inLanguage\":\"ca\",\"@id\":\"https:\/\/miroverd.com\/#\/schema\/logo\/image\/\",\"url\":\"https:\/\/miroverd.com\/wp-content\/uploads\/IMAGOTIPO_PNG-2.png\",\"contentUrl\":\"https:\/\/miroverd.com\/wp-content\/uploads\/IMAGOTIPO_PNG-2.png\",\"width\":352,\"height\":225,\"caption\":\"MiroVerd\"},\"image\":{\"@id\":\"https:\/\/miroverd.com\/#\/schema\/logo\/image\/\"}},{\"@type\":\"Person\",\"@id\":\"https:\/\/miroverd.com\/#\/schema\/person\/f72faf75c3b3de6cca45bab6108e921c\",\"name\":\"Online Valles\",\"image\":{\"@type\":\"ImageObject\",\"inLanguage\":\"ca\",\"@id\":\"https:\/\/miroverd.com\/#\/schema\/person\/image\/\",\"url\":\"https:\/\/secure.gravatar.com\/avatar\/74706914812c3b473b95a5253410b33d71c50bf5f0d5423532bc0afa617d4316?s=96&d=mm&r=g\",\"contentUrl\":\"https:\/\/secure.gravatar.com\/avatar\/74706914812c3b473b95a5253410b33d71c50bf5f0d5423532bc0afa617d4316?s=96&d=mm&r=g\",\"caption\":\"Online Valles\"},\"url\":\"https:\/\/miroverd.com\/ca\/author\/online-valles\/\"}]}<\/script>\n<!-- \/ Yoast SEO plugin. -->","yoast_head_json":{"title":"Dise\u00f1ar un jard\u00edn perfecto | C\u00e9sped a medida en Matadepera","description":"Descubre por qu\u00e9 el c\u00e9sped a medida se ha convertido en una de las soluciones m\u00e1s demandadas para jardines modernos y f\u00e1ciles de mantener.","robots":{"index":"index","follow":"follow","max-snippet":"max-snippet:-1","max-image-preview":"max-image-preview:large","max-video-preview":"max-video-preview:-1"},"canonical":"https:\/\/miroverd.com\/ca\/disenar-un-jardin-perfecto-empieza-por-el-cesped\/","og_locale":"ca_ES","og_type":"article","og_title":"Dise\u00f1ar un jard\u00edn perfecto | C\u00e9sped a medida en Matadepera","og_description":"Descubre por qu\u00e9 el c\u00e9sped a medida se ha convertido en una de las soluciones m\u00e1s demandadas para jardines modernos y f\u00e1ciles de mantener.","og_url":"https:\/\/miroverd.com\/ca\/disenar-un-jardin-perfecto-empieza-por-el-cesped\/","og_site_name":"MiroVerd","article_published_time":"2026-02-10T07:50:15+00:00","article_modified_time":"2026-03-12T09:50:40+00:00","og_image":[{"width":1200,"height":750,"url":"https:\/\/miroverd.com\/wp-content\/uploads\/Cesped-artificial-a-medida.png","type":"image\/png"}],"author":"Online Valles","twitter_card":"summary_large_image","twitter_misc":{"Escrit per":"Online Valles","Temps estimat de lectura":"7 minuts"},"schema":{"@context":"https:\/\/schema.org","@graph":[{"@type":"Article","@id":"https:\/\/miroverd.com\/disenar-un-jardin-perfecto-empieza-por-el-cesped\/#article","isPartOf":{"@id":"https:\/\/miroverd.com\/disenar-un-jardin-perfecto-empieza-por-el-cesped\/"},"author":{"name":"Online Valles","@id":"https:\/\/miroverd.com\/#\/schema\/person\/f72faf75c3b3de6cca45bab6108e921c"},"headline":"Dise\u00f1ar un jard\u00edn perfecto empieza por el c\u00e9sped","datePublished":"2026-02-10T07:50:15+00:00","dateModified":"2026-03-12T09:50:40+00:00","mainEntityOfPage":{"@id":"https:\/\/miroverd.com\/disenar-un-jardin-perfecto-empieza-por-el-cesped\/"},"wordCount":1483,"commentCount":0,"publisher":{"@id":"https:\/\/miroverd.com\/#organization"},"image":{"@id":"https:\/\/miroverd.com\/disenar-un-jardin-perfecto-empieza-por-el-cesped\/#primaryimage"},"thumbnailUrl":"https:\/\/miroverd.com\/wp-content\/uploads\/Cesped-artificial-a-medida.png","keywords":["c\u00e9sped a medida en Matadepera"],"articleSection":["c\u00e9sped artificial a medida"],"inLanguage":"ca","potentialAction":[{"@type":"CommentAction","name":"Comment","target":["https:\/\/miroverd.com\/disenar-un-jardin-perfecto-empieza-por-el-cesped\/#respond"]}]},{"@type":"WebPage","@id":"https:\/\/miroverd.com\/disenar-un-jardin-perfecto-empieza-por-el-cesped\/","url":"https:\/\/miroverd.com\/disenar-un-jardin-perfecto-empieza-por-el-cesped\/","name":"Dise\u00f1ar un jard\u00edn perfecto | C\u00e9sped a medida en Matadepera","isPartOf":{"@id":"https:\/\/miroverd.com\/#website"},"primaryImageOfPage":{"@id":"https:\/\/miroverd.com\/disenar-un-jardin-perfecto-empieza-por-el-cesped\/#primaryimage"},"image":{"@id":"https:\/\/miroverd.com\/disenar-un-jardin-perfecto-empieza-por-el-cesped\/#primaryimage"},"thumbnailUrl":"https:\/\/miroverd.com\/wp-content\/uploads\/Cesped-artificial-a-medida.png","datePublished":"2026-02-10T07:50:15+00:00","dateModified":"2026-03-12T09:50:40+00:00","description":"Descubre por qu\u00e9 el c\u00e9sped a medida se ha convertido en una de las soluciones m\u00e1s demandadas para jardines modernos y f\u00e1ciles de mantener.","breadcrumb":{"@id":"https:\/\/miroverd.com\/disenar-un-jardin-perfecto-empieza-por-el-cesped\/#breadcrumb"},"inLanguage":"ca","potentialAction":[{"@type":"ReadAction","target":["https:\/\/miroverd.com\/disenar-un-jardin-perfecto-empieza-por-el-cesped\/"]}]},{"@type":"ImageObject","inLanguage":"ca","@id":"https:\/\/miroverd.com\/disenar-un-jardin-perfecto-empieza-por-el-cesped\/#primaryimage","url":"https:\/\/miroverd.com\/wp-content\/uploads\/Cesped-artificial-a-medida.png","contentUrl":"https:\/\/miroverd.com\/wp-content\/uploads\/Cesped-artificial-a-medida.png","width":1200,"height":750},{"@type":"BreadcrumbList","@id":"https:\/\/miroverd.com\/disenar-un-jardin-perfecto-empieza-por-el-cesped\/#breadcrumb","itemListElement":[{"@type":"ListItem","position":1,"name":"Portada","item":"https:\/\/miroverd.com\/"},{"@type":"ListItem","position":2,"name":"Dise\u00f1ar un jard\u00edn perfecto empieza por el c\u00e9sped"}]},{"@type":"WebSite","@id":"https:\/\/miroverd.com\/#website","url":"https:\/\/miroverd.com\/","name":"MiroVerd","description":"","publisher":{"@id":"https:\/\/miroverd.com\/#organization"},"potentialAction":[{"@type":"SearchAction","target":{"@type":"EntryPoint","urlTemplate":"https:\/\/miroverd.com\/?s={search_term_string}"},"query-input":{"@type":"PropertyValueSpecification","valueRequired":true,"valueName":"search_term_string"}}],"inLanguage":"ca"},{"@type":"Organization","@id":"https:\/\/miroverd.com\/#organization","name":"MiroVerd","url":"https:\/\/miroverd.com\/","logo":{"@type":"ImageObject","inLanguage":"ca","@id":"https:\/\/miroverd.com\/#\/schema\/logo\/image\/","url":"https:\/\/miroverd.com\/wp-content\/uploads\/IMAGOTIPO_PNG-2.png","contentUrl":"https:\/\/miroverd.com\/wp-content\/uploads\/IMAGOTIPO_PNG-2.png","width":352,"height":225,"caption":"MiroVerd"},"image":{"@id":"https:\/\/miroverd.com\/#\/schema\/logo\/image\/"}},{"@type":"Person","@id":"https:\/\/miroverd.com\/#\/schema\/person\/f72faf75c3b3de6cca45bab6108e921c","name":"Online Valles","image":{"@type":"ImageObject","inLanguage":"ca","@id":"https:\/\/miroverd.com\/#\/schema\/person\/image\/","url":"https:\/\/secure.gravatar.com\/avatar\/74706914812c3b473b95a5253410b33d71c50bf5f0d5423532bc0afa617d4316?s=96&d=mm&r=g","contentUrl":"https:\/\/secure.gravatar.com\/avatar\/74706914812c3b473b95a5253410b33d71c50bf5f0d5423532bc0afa617d4316?s=96&d=mm&r=g","caption":"Online Valles"},"url":"https:\/\/miroverd.com\/ca\/author\/online-valles\/"}]}},"_links":{"self":[{"href":"https:\/\/miroverd.com\/ca\/wp-json\/wp\/v2\/posts\/3102","targetHints":{"allow":["GET"]}}],"collection":[{"href":"https:\/\/miroverd.com\/ca\/wp-json\/wp\/v2\/posts"}],"about":[{"href":"https:\/\/miroverd.com\/ca\/wp-json\/wp\/v2\/types\/post"}],"author":[{"embeddable":true,"href":"https:\/\/miroverd.com\/ca\/wp-json\/wp\/v2\/users\/2"}],"replies":[{"embeddable":true,"href":"https:\/\/miroverd.com\/ca\/wp-json\/wp\/v2\/comments?post=3102"}],"version-history":[{"count":5,"href":"https:\/\/miroverd.com\/ca\/wp-json\/wp\/v2\/posts\/3102\/revisions"}],"predecessor-version":[{"id":3122,"href":"https:\/\/miroverd.com\/ca\/wp-json\/wp\/v2\/posts\/3102\/revisions\/3122"}],"wp:featuredmedia":[{"embeddable":true,"href":"https:\/\/miroverd.com\/ca\/wp-json\/wp\/v2\/media\/3113"}],"wp:attachment":[{"href":"https:\/\/miroverd.com\/ca\/wp-json\/wp\/v2\/media?parent=3102"}],"wp:term":[{"taxonomy":"category","embeddable":true,"href":"https:\/\/miroverd.com\/ca\/wp-json\/wp\/v2\/categories?post=3102"},{"taxonomy":"post_tag","embeddable":true,"href":"https:\/\/miroverd.com\/ca\/wp-json\/wp\/v2\/tags?post=3102"}],"curies":[{"name":"wp","href":"https:\/\/api.w.org\/{rel}","templated":true}]}}